{"id":1029,"date":"2015-08-19T08:01:13","date_gmt":"2015-08-19T06:01:13","guid":{"rendered":"http:\/\/www.az-za.be\/?p=1029"},"modified":"2015-08-19T09:29:26","modified_gmt":"2015-08-19T07:29:26","slug":"la-consolation-dalfred-stevens-au-musee-dixelles","status":"publish","type":"post","link":"https:\/\/www.az-za.be\/fr\/la-consolation-dalfred-stevens-au-musee-dixelles\/","title":{"rendered":"\u00abLa Consolation\u00bb d&#8217;Alfred Stevens au Mus\u00e9e d&#8217;Ixelles"},"content":{"rendered":"<p>Les collections du Mus\u00e9e d&#8217;Ixelles s&#8217;agrandissent au fil des achats et des acquisitions. Parmi les derni\u00e8res \u0153uvres \u00e0 les avoir rejointes, une tr\u00e8s belle toile d&#8217;Alfred Stevens, peintre bruxellois du 19\u00e8me si\u00e8cle dont on disait qu&#8217;il \u00e9tait le plus parisien des Belges! \u00abLa Consolation\u00bb,\u00a0pr\u00e9sent\u00e9e avec succ\u00e8s au Salon de Paris en 1857, est une \u0153uvre embl\u00e9matique de l&#8217;artiste \u00e0 plus d&#8217;un point de vue.<\/p>\n","protected":false},"excerpt":{"rendered":"<p>Les collections du Mus\u00e9e d&#8217;Ixelles s&#8217;agrandissent au fil des acquisitions<\/p>\n","protected":false},"author":1,"featured_media":1030,"comment_status":"closed","ping_status":"closed","sticky":true,"template":"","format":"standard","meta":{"_acf_changed":false,"pmpro_default_level":"","wds_primary_category":0,"footnotes":""},"categories":[20,106,4],"tags":[666,593,554],"class_list":["post-1029","post","type-post","status-publish","format-standard","has-post-thumbnail","hentry","category-actu","category-arts-plastiques","category-expo","tag-alfred-stevens","tag-collection","tag-musee","pmpro-has-access"],"acf":[],"publishpress_future_action":{"enabled":false,"date":"2026-05-09 05:35:17","action":"change-status","newStatus":"draft","terms":[],"taxonomy":"category","extraData":[]},"publishpress_future_workflow_manual_trigger":{"enabledWorkflows":[]},"_links":{"self":[{"href":"https:\/\/www.az-za.be\/fr\/wp-json\/wp\/v2\/posts\/1029","targetHints":{"allow":["GET"]}}],"collection":[{"href":"https:\/\/www.az-za.be\/fr\/wp-json\/wp\/v2\/posts"}],"about":[{"href":"https:\/\/www.az-za.be\/fr\/wp-json\/wp\/v2\/types\/post"}],"author":[{"embeddable":true,"href":"https:\/\/www.az-za.be\/fr\/wp-json\/wp\/v2\/users\/1"}],"replies":[{"embeddable":true,"href":"https:\/\/www.az-za.be\/fr\/wp-json\/wp\/v2\/comments?post=1029"}],"version-history":[{"count":0,"href":"https:\/\/www.az-za.be\/fr\/wp-json\/wp\/v2\/posts\/1029\/revisions"}],"wp:featuredmedia":[{"embeddable":true,"href":"https:\/\/www.az-za.be\/fr\/wp-json\/wp\/v2\/media\/1030"}],"wp:attachment":[{"href":"https:\/\/www.az-za.be\/fr\/wp-json\/wp\/v2\/media?parent=1029"}],"wp:term":[{"taxonomy":"category","embeddable":true,"href":"https:\/\/www.az-za.be\/fr\/wp-json\/wp\/v2\/categories?post=1029"},{"taxonomy":"post_tag","embeddable":true,"href":"https:\/\/www.az-za.be\/fr\/wp-json\/wp\/v2\/tags?post=1029"}],"curies":[{"name":"wp","href":"https:\/\/api.w.org\/{rel}","templated":true}]}}