{"id":1052,"date":"2015-08-28T08:01:11","date_gmt":"2015-08-28T06:01:11","guid":{"rendered":"http:\/\/www.az-za.be\/?p=1052"},"modified":"2015-08-28T12:13:26","modified_gmt":"2015-08-28T10:13:26","slug":"moi-toi-et-le-jardin-une-exposition-de-photos-en-plein-air","status":"publish","type":"post","link":"https:\/\/www.az-za.be\/fr\/moi-toi-et-le-jardin-une-exposition-de-photos-en-plein-air\/","title":{"rendered":"\u00abMoi, Toi et le Jardin\u00bb une exposition de photos en plein air"},"content":{"rendered":"<p>Le Domaine du Ch\u00e2teau de Seneffe nous invite \u00e0 un parcours photographique. Habitu\u00e9s \u00e0 la cr\u00e9ation contemporaine, les jardins s\u2019ouvrent \u00e0 dix photographes belges. Une confrontation o\u00f9 les perspectives s\u2019enrichissent de nouveaux espaces, o\u00f9 les bois s\u2019ouvrent sur d\u2019\u00e9tranges paysages, o\u00f9 les all\u00e9es du parc font dialoguer les univers, les visages et les traces de ces images immobiles. Des cr\u00e9ations en osmose ou en d\u00e9calage avec le lieu, pour le plus grand plaisir de la d\u00e9couverte et de la contemplation.<\/p>\n","protected":false},"excerpt":{"rendered":"<p>Le Domaine du Ch\u00e2teau de Seneffe nous invite \u00e0 un parcours photographique.<\/p>\n","protected":false},"author":1,"featured_media":1055,"comment_status":"closed","ping_status":"closed","sticky":true,"template":"","format":"standard","meta":{"_acf_changed":false,"pmpro_default_level":"","wds_primary_category":0,"footnotes":""},"categories":[20,4,656,189],"tags":[522,678,677],"class_list":["post-1052","post","type-post","status-publish","format-standard","has-post-thumbnail","hentry","category-actu","category-expo","category-patrimoine","category-photographie","tag-contemporain","tag-jardin","tag-seneffe","pmpro-has-access"],"acf":[],"publishpress_future_action":{"enabled":false,"date":"2026-05-06 09:37:52","action":"change-status","newStatus":"draft","terms":[],"taxonomy":"category","extraData":[]},"publishpress_future_workflow_manual_trigger":{"enabledWorkflows":[]},"_links":{"self":[{"href":"https:\/\/www.az-za.be\/fr\/wp-json\/wp\/v2\/posts\/1052","targetHints":{"allow":["GET"]}}],"collection":[{"href":"https:\/\/www.az-za.be\/fr\/wp-json\/wp\/v2\/posts"}],"about":[{"href":"https:\/\/www.az-za.be\/fr\/wp-json\/wp\/v2\/types\/post"}],"author":[{"embeddable":true,"href":"https:\/\/www.az-za.be\/fr\/wp-json\/wp\/v2\/users\/1"}],"replies":[{"embeddable":true,"href":"https:\/\/www.az-za.be\/fr\/wp-json\/wp\/v2\/comments?post=1052"}],"version-history":[{"count":0,"href":"https:\/\/www.az-za.be\/fr\/wp-json\/wp\/v2\/posts\/1052\/revisions"}],"wp:featuredmedia":[{"embeddable":true,"href":"https:\/\/www.az-za.be\/fr\/wp-json\/wp\/v2\/media\/1055"}],"wp:attachment":[{"href":"https:\/\/www.az-za.be\/fr\/wp-json\/wp\/v2\/media?parent=1052"}],"wp:term":[{"taxonomy":"category","embeddable":true,"href":"https:\/\/www.az-za.be\/fr\/wp-json\/wp\/v2\/categories?post=1052"},{"taxonomy":"post_tag","embeddable":true,"href":"https:\/\/www.az-za.be\/fr\/wp-json\/wp\/v2\/tags?post=1052"}],"curies":[{"name":"wp","href":"https:\/\/api.w.org\/{rel}","templated":true}]}}