{"id":1067,"date":"2015-09-08T08:01:58","date_gmt":"2015-09-08T06:01:58","guid":{"rendered":"http:\/\/www.az-za.be\/?p=1067"},"modified":"2015-09-10T15:09:28","modified_gmt":"2015-09-10T13:09:28","slug":"a-la-frite-claude-semal-au-public","status":"publish","type":"post","link":"https:\/\/www.az-za.be\/fr\/a-la-frite-claude-semal-au-public\/","title":{"rendered":"\u00abA la Frite !\u00bb Claude Semal au Public"},"content":{"rendered":"<p>Claude Semal et Michel Carcan ne se contentent pas de faire une ode &#8220;A la frite&#8221; dans le spectacle qu&#8217;ils ont \u00e9crit et interpr\u00e8tent ensemble sous chapiteau. Ils prennent la frite pour parler de nous, de notre attachement \u00e0 une s\u00e9rie de valeurs qui s&#8217;\u00e9tiolent mais aussi des artistes, qui comme les bonnes frites faites avec amour et blanc de b\u0153uf, risquent d&#8217;\u00eatre en voie de disparition si l&#8217;on y prend garde !<\/p>\n","protected":false},"excerpt":{"rendered":"<p>Claude Semal et Michel Carcan ne se contentent pas de faire une ode &#8220;A la frite&#8221; dans le spectacle qu&#8217;ils ont \u00e9crit et interpr\u00e8tent ensemble sous chapiteau.<\/p>\n","protected":false},"author":1,"featured_media":1068,"comment_status":"closed","ping_status":"closed","sticky":true,"template":"","format":"standard","meta":{"_acf_changed":false,"pmpro_default_level":"","wds_primary_category":0,"footnotes":""},"categories":[20,6],"tags":[103,682,99,683],"class_list":["post-1067","post","type-post","status-publish","format-standard","has-post-thumbnail","hentry","category-actu","category-theatre","tag-auteur","tag-claude-semal","tag-comedien","tag-michel-carcan","pmpro-has-access"],"acf":[],"publishpress_future_action":{"enabled":false,"date":"2026-05-06 09:36:08","action":"change-status","newStatus":"draft","terms":[],"taxonomy":"category","extraData":[]},"publishpress_future_workflow_manual_trigger":{"enabledWorkflows":[]},"_links":{"self":[{"href":"https:\/\/www.az-za.be\/fr\/wp-json\/wp\/v2\/posts\/1067","targetHints":{"allow":["GET"]}}],"collection":[{"href":"https:\/\/www.az-za.be\/fr\/wp-json\/wp\/v2\/posts"}],"about":[{"href":"https:\/\/www.az-za.be\/fr\/wp-json\/wp\/v2\/types\/post"}],"author":[{"embeddable":true,"href":"https:\/\/www.az-za.be\/fr\/wp-json\/wp\/v2\/users\/1"}],"replies":[{"embeddable":true,"href":"https:\/\/www.az-za.be\/fr\/wp-json\/wp\/v2\/comments?post=1067"}],"version-history":[{"count":0,"href":"https:\/\/www.az-za.be\/fr\/wp-json\/wp\/v2\/posts\/1067\/revisions"}],"wp:featuredmedia":[{"embeddable":true,"href":"https:\/\/www.az-za.be\/fr\/wp-json\/wp\/v2\/media\/1068"}],"wp:attachment":[{"href":"https:\/\/www.az-za.be\/fr\/wp-json\/wp\/v2\/media?parent=1067"}],"wp:term":[{"taxonomy":"category","embeddable":true,"href":"https:\/\/www.az-za.be\/fr\/wp-json\/wp\/v2\/categories?post=1067"},{"taxonomy":"post_tag","embeddable":true,"href":"https:\/\/www.az-za.be\/fr\/wp-json\/wp\/v2\/tags?post=1067"}],"curies":[{"name":"wp","href":"https:\/\/api.w.org\/{rel}","templated":true}]}}