{"id":1104,"date":"2015-11-16T07:00:56","date_gmt":"2015-10-26T11:56:29","guid":{"rendered":"http:\/\/www.az-za.be\/?p=1104"},"modified":"2015-11-16T07:00:56","modified_gmt":"2015-11-16T05:00:56","slug":"i-dont-belong-anywhere-de-marianne-lambert-portrait-de-la-cineaste-chantal-ackerman","status":"publish","type":"post","link":"https:\/\/www.az-za.be\/fr\/i-dont-belong-anywhere-de-marianne-lambert-portrait-de-la-cineaste-chantal-ackerman\/","title":{"rendered":"Hommage \u00e0 Chantal Ackerman (Week-end du Doc)"},"content":{"rendered":"<p>Dans le cadre de la 3e \u00e9dition du week-end du doc faites la part belle au documentaire et d\u00e9couvrez ou red\u00e9couvrez le documentaire de Marianne Lambert, &#8220;I don&#8217;t belong anywhere&#8221; le portrait de la cin\u00e9aste Chantal Ackerman qui nous a quitt\u00e9s r\u00e9cemment.<\/p>\n<p>A Bruxelles et en Wallonie du 19 au 22 novembre 2015.<\/p>\n<p><strong>+ d&#8217;infos : <a href=\"http:\/\/www.we-doc.be\/programme\/chantal-ackerman\" target=\"_blank\">www.we-doc.be\/programme\/chantal-ackerman<\/a><\/strong><\/p>\n<p>&#8220;I don&#8217;t belong anywhere&#8221; de Marianne Lambert r\u00e9sonne aujourd\u2019hui comme une sorte de testament. Tr\u00e8s\u00a0touch\u00e9e\u00a0par le d\u00e9c\u00e8s de\u00a0Chantal Ackerman, l&#8217;\u00e9quipe de\u00a0AZ-ZA lui rend hommage en remettant \u00e0 l&#8217;actualit\u00e9 ce beau portrait qui lui est consacr\u00e9.<br \/>\nR\u00e9alis\u00e9 dans le cadre de la collection &#8220;Cin\u00e9astes d&#8217;aujourd&#8217;hui&#8221;, &#8220;I don&#8217;t belong anywhere&#8221; se penche sur la personnalit\u00e9 et le cin\u00e9ma de Chantal Akerman. Des &#8220;Jeanne Dielman&#8221; \u00e0 &#8220;Un divan \u00e0 New York&#8221; en passant par &#8220;Letters from Home&#8221;, &#8220;Nuit et jour&#8221; ou &#8220;La folie Almayer&#8221;, les films de Chantal Akerman ont toujours un lien tr\u00e8s fort avec sa vie ou celle de sa m\u00e8re qu&#8217;elle consid\u00e8re comme le centre de son travail. Une \u0153uvre qu&#8217;a tent\u00e9 d&#8217;approcher la r\u00e9alisatrice Marianne Lambert.<\/p>\n","protected":false},"excerpt":{"rendered":"<p>&#8220;I don&#8217;t belong anywhere&#8221; de Marianne Lambert r\u00e9sonne aujourd\u2019hui comme une sorte de testament<\/p>\n","protected":false},"author":1,"featured_media":1117,"comment_status":"closed","ping_status":"closed","sticky":true,"template":"","format":"standard","meta":{"_acf_changed":false,"pmpro_default_level":"","wds_primary_category":0,"footnotes":""},"categories":[20,106,5],"tags":[405,576,700,112],"class_list":["post-1104","post","type-post","status-publish","format-standard","has-post-thumbnail","hentry","category-actu","category-arts-plastiques","category-cinema","tag-documentaire","tag-film","tag-marianne-lambert","tag-realisateur","pmpro-has-access"],"acf":[],"publishpress_future_action":{"enabled":false,"date":"2026-05-07 20:52:59","action":"change-status","newStatus":"draft","terms":[],"taxonomy":"category","extraData":[]},"publishpress_future_workflow_manual_trigger":{"enabledWorkflows":[]},"_links":{"self":[{"href":"https:\/\/www.az-za.be\/fr\/wp-json\/wp\/v2\/posts\/1104","targetHints":{"allow":["GET"]}}],"collection":[{"href":"https:\/\/www.az-za.be\/fr\/wp-json\/wp\/v2\/posts"}],"about":[{"href":"https:\/\/www.az-za.be\/fr\/wp-json\/wp\/v2\/types\/post"}],"author":[{"embeddable":true,"href":"https:\/\/www.az-za.be\/fr\/wp-json\/wp\/v2\/users\/1"}],"replies":[{"embeddable":true,"href":"https:\/\/www.az-za.be\/fr\/wp-json\/wp\/v2\/comments?post=1104"}],"version-history":[{"count":0,"href":"https:\/\/www.az-za.be\/fr\/wp-json\/wp\/v2\/posts\/1104\/revisions"}],"wp:featuredmedia":[{"embeddable":true,"href":"https:\/\/www.az-za.be\/fr\/wp-json\/wp\/v2\/media\/1117"}],"wp:attachment":[{"href":"https:\/\/www.az-za.be\/fr\/wp-json\/wp\/v2\/media?parent=1104"}],"wp:term":[{"taxonomy":"category","embeddable":true,"href":"https:\/\/www.az-za.be\/fr\/wp-json\/wp\/v2\/categories?post=1104"},{"taxonomy":"post_tag","embeddable":true,"href":"https:\/\/www.az-za.be\/fr\/wp-json\/wp\/v2\/tags?post=1104"}],"curies":[{"name":"wp","href":"https:\/\/api.w.org\/{rel}","templated":true}]}}