{"id":112,"date":"2014-09-03T10:02:17","date_gmt":"2014-09-03T09:02:17","guid":{"rendered":"http:\/\/www.artstv.tv\/?p=112"},"modified":"2014-12-08T16:24:29","modified_gmt":"2014-12-08T15:24:29","slug":"y-a-t-il-une-culture-europeenne","status":"publish","type":"post","link":"https:\/\/www.az-za.be\/fr\/y-a-t-il-une-culture-europeenne\/","title":{"rendered":"Y a-t-il une culture europ\u00e9enne ?"},"content":{"rendered":"<p>Au-del\u00e0 de la question d\u2019une culture europ\u00e9enne, c\u2019est celle de l\u2019identit\u00e9 qui est au centre des d\u00e9bats aujourd\u2019hui. Malgr\u00e9 une histoire commune vieille de 2500 ans, se sentir europ\u00e9en ne semble pas si \u00e9vident, au contraire, les crises successives de ces derni\u00e8res ann\u00e9es, ont cr\u00e9\u00e9 une certaine m\u00e9fiance vis \u00e0 vis des institutions et renforc\u00e9 le nationalisme. D\u00e9cryptage.<\/p>","protected":false},"excerpt":{"rendered":"<p>Au-del\u00e0 de la question d\u2019une culture europ\u00e9enne, c\u2019est celle de l\u2019identit\u00e9 qui est au centre des d\u00e9bats aujourd\u2019hui. Malgr\u00e9 une histoire commune vieille de 2500 ans, se sentir europ\u00e9en ne semble pas si \u00e9vident, au contraire, les crises successives de ces derni\u00e8res ann\u00e9es, ont cr\u00e9\u00e9 une certaine m\u00e9fiance vis \u00e0 vis des institutions et renforc\u00e9 [&hellip;]<\/p>\n","protected":false},"author":1,"featured_media":122,"comment_status":"open","ping_status":"closed","sticky":false,"template":"","format":"standard","meta":{"_acf_changed":false,"pmpro_default_level":"","wds_primary_category":0,"footnotes":""},"categories":[21],"tags":[31,26,81],"class_list":["post-112","post","type-post","status-publish","format-standard","has-post-thumbnail","hentry","category-dossiers","tag-culture","tag-europe","tag-identite","pmpro-has-access"],"acf":[],"publishpress_future_action":{"enabled":false,"date":"2026-05-06 21:06:37","action":"change-status","newStatus":"draft","terms":[],"taxonomy":"category","extraData":[]},"publishpress_future_workflow_manual_trigger":{"enabledWorkflows":[]},"_links":{"self":[{"href":"https:\/\/www.az-za.be\/fr\/wp-json\/wp\/v2\/posts\/112","targetHints":{"allow":["GET"]}}],"collection":[{"href":"https:\/\/www.az-za.be\/fr\/wp-json\/wp\/v2\/posts"}],"about":[{"href":"https:\/\/www.az-za.be\/fr\/wp-json\/wp\/v2\/types\/post"}],"author":[{"embeddable":true,"href":"https:\/\/www.az-za.be\/fr\/wp-json\/wp\/v2\/users\/1"}],"replies":[{"embeddable":true,"href":"https:\/\/www.az-za.be\/fr\/wp-json\/wp\/v2\/comments?post=112"}],"version-history":[{"count":0,"href":"https:\/\/www.az-za.be\/fr\/wp-json\/wp\/v2\/posts\/112\/revisions"}],"wp:featuredmedia":[{"embeddable":true,"href":"https:\/\/www.az-za.be\/fr\/wp-json\/wp\/v2\/media\/122"}],"wp:attachment":[{"href":"https:\/\/www.az-za.be\/fr\/wp-json\/wp\/v2\/media?parent=112"}],"wp:term":[{"taxonomy":"category","embeddable":true,"href":"https:\/\/www.az-za.be\/fr\/wp-json\/wp\/v2\/categories?post=112"},{"taxonomy":"post_tag","embeddable":true,"href":"https:\/\/www.az-za.be\/fr\/wp-json\/wp\/v2\/tags?post=112"}],"curies":[{"name":"wp","href":"https:\/\/api.w.org\/{rel}","templated":true}]}}