{"id":1403,"date":"2016-02-11T20:30:23","date_gmt":"2016-02-11T19:27:30","guid":{"rendered":"http:\/\/www.az-za.be\/?p=1403"},"modified":"2016-02-11T20:54:15","modified_gmt":"2016-02-11T19:54:15","slug":"une-personalite-nous-presente-une-photo-de-la-collection-du-musee-de-la-photographie-de-charleroi-8","status":"publish","type":"post","link":"https:\/\/www.az-za.be\/fr\/une-personalite-nous-presente-une-photo-de-la-collection-du-musee-de-la-photographie-de-charleroi-8\/","title":{"rendered":"Une personnalit\u00e9 nous pr\u00e9sente une \u0153uvre du Mus\u00e9e de la Photographie"},"content":{"rendered":"<div class=\"pmpro\">\n<div class=\"pmpro_card pmpro_content_message\">\n<div class=\"pmpro_card_content\">\n<p>\n<span class=\"glyphicon glyphicon-exclamation-sign\"><\/span> Cet article est uniquement disponible pour les abonn\u00e9s Premium !\n<\/p>\n<\/div>\n<div class=\"pmpro_card_actions pmpro_font-medium\">Already a member? <a href=\"https:\/\/www.az-za.be\/wp-login.php?redirect_to=https%3A%2F%2Fwww.az-za.be%2Ffr%2Fune-personalite-nous-presente-une-photo-de-la-collection-du-musee-de-la-photographie-de-charleroi-8%2F\">Connectez-vous ici<\/a><\/div>\n<\/div>\n<\/div>\n","protected":false},"excerpt":{"rendered":"<div class=\"pmpro\"><div class=\"pmpro_card pmpro_content_message\"><div class=\"pmpro_card_content\"><p>\r\n<span class=\"glyphicon glyphicon-exclamation-sign\"><\/span> Cet article est uniquement disponible pour les abonn\u00e9s Premium !\r\n<\/p><\/div><div class=\"pmpro_card_actions pmpro_font-medium\">Already a member? <a href=\"https:\/\/www.az-za.be\/wp-login.php?redirect_to=https%3A%2F%2Fwww.az-za.be%2Ffr%2Fune-personalite-nous-presente-une-photo-de-la-collection-du-musee-de-la-photographie-de-charleroi-8%2F\">Connectez-vous ici<\/a><\/div><\/div><\/div>","protected":false},"author":128,"featured_media":1404,"comment_status":"closed","ping_status":"closed","sticky":true,"template":"","format":"standard","meta":{"_acf_changed":false,"pmpro_default_level":"","wds_primary_category":0,"footnotes":""},"categories":[20,189,256],"tags":[834,645,801],"class_list":["post-1403","post","type-post","status-publish","format-standard","has-post-thumbnail","hentry","category-actu","category-photographie","category-premium","tag-musee-de-la-photographie","tag-photographies","tag-pierre-kroll","pmpro-level-required","pmpro-level-1","pmpro-level-2","pmpro-level-3","pmpro-level-4","pmpro-level-5","pmpro-level-6","pmpro-no-access"],"acf":[],"publishpress_future_action":{"enabled":false,"date":"2026-05-06 23:34:23","action":"change-status","newStatus":"draft","terms":[],"taxonomy":"category","extraData":[]},"publishpress_future_workflow_manual_trigger":{"enabledWorkflows":[]},"_links":{"self":[{"href":"https:\/\/www.az-za.be\/fr\/wp-json\/wp\/v2\/posts\/1403","targetHints":{"allow":["GET"]}}],"collection":[{"href":"https:\/\/www.az-za.be\/fr\/wp-json\/wp\/v2\/posts"}],"about":[{"href":"https:\/\/www.az-za.be\/fr\/wp-json\/wp\/v2\/types\/post"}],"author":[{"embeddable":true,"href":"https:\/\/www.az-za.be\/fr\/wp-json\/wp\/v2\/users\/128"}],"replies":[{"embeddable":true,"href":"https:\/\/www.az-za.be\/fr\/wp-json\/wp\/v2\/comments?post=1403"}],"version-history":[{"count":0,"href":"https:\/\/www.az-za.be\/fr\/wp-json\/wp\/v2\/posts\/1403\/revisions"}],"wp:featuredmedia":[{"embeddable":true,"href":"https:\/\/www.az-za.be\/fr\/wp-json\/wp\/v2\/media\/1404"}],"wp:attachment":[{"href":"https:\/\/www.az-za.be\/fr\/wp-json\/wp\/v2\/media?parent=1403"}],"wp:term":[{"taxonomy":"category","embeddable":true,"href":"https:\/\/www.az-za.be\/fr\/wp-json\/wp\/v2\/categories?post=1403"},{"taxonomy":"post_tag","embeddable":true,"href":"https:\/\/www.az-za.be\/fr\/wp-json\/wp\/v2\/tags?post=1403"}],"curies":[{"name":"wp","href":"https:\/\/api.w.org\/{rel}","templated":true}]}}