{"id":1610,"date":"2016-07-01T18:02:15","date_gmt":"2016-07-01T17:02:15","guid":{"rendered":"http:\/\/www.az-za.be\/?p=1610"},"modified":"2016-06-06T11:28:12","modified_gmt":"2016-06-06T10:28:12","slug":"portrait-de-comedien-laurent-capelluto-2","status":"publish","type":"post","link":"https:\/\/www.az-za.be\/fr\/portrait-de-comedien-laurent-capelluto-2\/","title":{"rendered":"Portrait de com\u00e9dien: Laurent Capelluto"},"content":{"rendered":"<p>Le com\u00e9dien belge Laurent Capelluto poursuit un parcours \u00e0 la fois au th\u00e9\u00e2tre et au cin\u00e9ma, en France aussi bien qu&#8217;en Belgique, dont le fil conducteur est l&#8217;envie de raconter des histoires et de participer \u00e0 des projets qui ont une n\u00e9cessit\u00e9 d&#8217;\u00eatre, voire une urgence. Alors qu&#8217;il vient de participer au tournage de la 2\u00e8me saison &#8220;Les Revenants&#8221; pour Canal+, il nous livre quelques r\u00e9flexions sur son m\u00e9tier de com\u00e9dien.<\/p>\n","protected":false},"excerpt":{"rendered":"<p>Le com\u00e9dien belge Laurent Capelluto nous livre quelques r\u00e9flexions sur son m\u00e9tier de com\u00e9dien<\/p>\n","protected":false},"author":128,"featured_media":1049,"comment_status":"closed","ping_status":"closed","sticky":true,"template":"","format":"standard","meta":{"_acf_changed":false,"pmpro_default_level":"","wds_primary_category":0,"footnotes":""},"categories":[20,5,6],"tags":[99,674],"class_list":["post-1610","post","type-post","status-publish","format-standard","has-post-thumbnail","hentry","category-actu","category-cinema","category-theatre","tag-comedien","tag-laurent-capelluto","pmpro-has-access"],"acf":[],"publishpress_future_action":{"enabled":false,"date":"2026-05-08 22:18:30","action":"change-status","newStatus":"draft","terms":[],"taxonomy":"category","extraData":[]},"publishpress_future_workflow_manual_trigger":{"enabledWorkflows":[]},"_links":{"self":[{"href":"https:\/\/www.az-za.be\/fr\/wp-json\/wp\/v2\/posts\/1610","targetHints":{"allow":["GET"]}}],"collection":[{"href":"https:\/\/www.az-za.be\/fr\/wp-json\/wp\/v2\/posts"}],"about":[{"href":"https:\/\/www.az-za.be\/fr\/wp-json\/wp\/v2\/types\/post"}],"author":[{"embeddable":true,"href":"https:\/\/www.az-za.be\/fr\/wp-json\/wp\/v2\/users\/128"}],"replies":[{"embeddable":true,"href":"https:\/\/www.az-za.be\/fr\/wp-json\/wp\/v2\/comments?post=1610"}],"version-history":[{"count":0,"href":"https:\/\/www.az-za.be\/fr\/wp-json\/wp\/v2\/posts\/1610\/revisions"}],"wp:featuredmedia":[{"embeddable":true,"href":"https:\/\/www.az-za.be\/fr\/wp-json\/wp\/v2\/media\/1049"}],"wp:attachment":[{"href":"https:\/\/www.az-za.be\/fr\/wp-json\/wp\/v2\/media?parent=1610"}],"wp:term":[{"taxonomy":"category","embeddable":true,"href":"https:\/\/www.az-za.be\/fr\/wp-json\/wp\/v2\/categories?post=1610"},{"taxonomy":"post_tag","embeddable":true,"href":"https:\/\/www.az-za.be\/fr\/wp-json\/wp\/v2\/tags?post=1610"}],"curies":[{"name":"wp","href":"https:\/\/api.w.org\/{rel}","templated":true}]}}