{"id":1612,"date":"2016-07-08T18:01:04","date_gmt":"2016-07-08T17:01:04","guid":{"rendered":"http:\/\/www.az-za.be\/?p=1612"},"modified":"2016-06-06T11:34:51","modified_gmt":"2016-06-06T10:34:51","slug":"la-photo-nest-elle-pas-avant-tout-une-oeuvre-picturale","status":"publish","type":"post","link":"https:\/\/www.az-za.be\/fr\/la-photo-nest-elle-pas-avant-tout-une-oeuvre-picturale\/","title":{"rendered":"La photo n&#8217;est-elle pas avant tout  une \u0153uvre picturale?"},"content":{"rendered":"<p>Exposer des photos, c\u2019est les faire dialoguer. C\u2019est d\u00e9j\u00e0 un choix difficile quand le travail provient d\u2019un m\u00eame artiste, mais quand les \u0153uvres proviennent de d\u00e9marches et d\u2019univers cr\u00e9atifs totalement diff\u00e9rents, cela n\u00e9cessite une sensibilit\u00e9 et une expertise immense. Un choix qui tient compte bien s\u00fbr du th\u00e8me abord\u00e9, mais aussi de la dimension plastique de la photo. Y a t-il d\u2019ailleurs encore une diff\u00e9rence entre photographie et art plastique? R\u00e9ponse au Mus\u00e9e de la Photographie.<\/p>\n","protected":false},"excerpt":{"rendered":"<p>R\u00e9ponse au Mus\u00e9e de la Photographie<\/p>\n","protected":false},"author":128,"featured_media":1016,"comment_status":"closed","ping_status":"closed","sticky":true,"template":"","format":"standard","meta":{"_acf_changed":false,"pmpro_default_level":"","wds_primary_category":0,"footnotes":""},"categories":[20,21,4,189],"tags":[428,554,586],"class_list":["post-1612","post","type-post","status-publish","format-standard","has-post-thumbnail","hentry","category-actu","category-dossiers","category-expo","category-photographie","tag-directeur","tag-musee","tag-xavier-canonne","pmpro-has-access"],"acf":[],"publishpress_future_action":{"enabled":false,"date":"2026-05-07 09:45:36","action":"change-status","newStatus":"draft","terms":[],"taxonomy":"category","extraData":[]},"publishpress_future_workflow_manual_trigger":{"enabledWorkflows":[]},"_links":{"self":[{"href":"https:\/\/www.az-za.be\/fr\/wp-json\/wp\/v2\/posts\/1612","targetHints":{"allow":["GET"]}}],"collection":[{"href":"https:\/\/www.az-za.be\/fr\/wp-json\/wp\/v2\/posts"}],"about":[{"href":"https:\/\/www.az-za.be\/fr\/wp-json\/wp\/v2\/types\/post"}],"author":[{"embeddable":true,"href":"https:\/\/www.az-za.be\/fr\/wp-json\/wp\/v2\/users\/128"}],"replies":[{"embeddable":true,"href":"https:\/\/www.az-za.be\/fr\/wp-json\/wp\/v2\/comments?post=1612"}],"version-history":[{"count":0,"href":"https:\/\/www.az-za.be\/fr\/wp-json\/wp\/v2\/posts\/1612\/revisions"}],"wp:featuredmedia":[{"embeddable":true,"href":"https:\/\/www.az-za.be\/fr\/wp-json\/wp\/v2\/media\/1016"}],"wp:attachment":[{"href":"https:\/\/www.az-za.be\/fr\/wp-json\/wp\/v2\/media?parent=1612"}],"wp:term":[{"taxonomy":"category","embeddable":true,"href":"https:\/\/www.az-za.be\/fr\/wp-json\/wp\/v2\/categories?post=1612"},{"taxonomy":"post_tag","embeddable":true,"href":"https:\/\/www.az-za.be\/fr\/wp-json\/wp\/v2\/tags?post=1612"}],"curies":[{"name":"wp","href":"https:\/\/api.w.org\/{rel}","templated":true}]}}