{"id":1739,"date":"2017-06-02T17:02:34","date_gmt":"2017-06-02T16:02:34","guid":{"rendered":"http:\/\/www.az-za.be\/?p=1739"},"modified":"2017-06-02T16:57:12","modified_gmt":"2017-06-02T15:57:12","slug":"cannes-2017-nos-coups-de-coeur-incontournables","status":"publish","type":"post","link":"https:\/\/www.az-za.be\/fr\/cannes-2017-nos-coups-de-coeur-incontournables\/","title":{"rendered":"Cannes 2017, nos coups de c\u0153ur incontournables"},"content":{"rendered":"<p>Le Festival de\u00a0Cannes\u00a0vient \u00e0 peine de se terminer et, comme \u00e0 chaque \u00e9dition, le palmar\u00e8s attribu\u00e9 par les diff\u00e9rents jury est fait d&#8217;adh\u00e9sions et de d\u00e9ceptions.<br \/>\nIl faut rappeler que\u00a0Cannes\u00a0c&#8217;est pr\u00e8s de 70 longs m\u00e9trages en comp\u00e9tition repartis autour de quatre s\u00e9lections diff\u00e9rentes. La plus connue est la &#8220;S\u00e9lection officielle&#8221;, mais aussi &#8220;Un certain regard&#8221;, la &#8220;semaine de la critique&#8221; ou encore la &#8220;Quinzaine des r\u00e9alisateurs&#8221;. Nos \u00e9quipes, pr\u00e9sentes sur place, vous proposent de pointer quelques perles remarquables \u00e0 ne rater sous aucun pr\u00e9texte lors de leurs sorties en salle.<\/p>\n","protected":false},"excerpt":{"rendered":"<p>AZ-ZA vous propose quatre perles remarquables \u00e0 ne pas rater lors de leurs sorties en salle<\/p>\n","protected":false},"author":128,"featured_media":1742,"comment_status":"closed","ping_status":"closed","sticky":true,"template":"","format":"standard","meta":{"_acf_changed":false,"pmpro_default_level":"","wds_primary_category":0,"footnotes":""},"categories":[20,5,1,101],"tags":[526,38,1070,1071,1074,1079,1081,1080,1077,1075,1076,1078,232],"class_list":["post-1739","post","type-post","status-publish","format-standard","has-post-thumbnail","hentry","category-actu","category-cinema","category-divers","category-evenements","tag-cineastes","tag-cinema-2","tag-festival-de-cannes","tag-films-dauteurs","tag-films-de-genre","tag-in-the-fade","tag-latelier","tag-posoki-directions","tag-quinzaine-des-realisateurs","tag-selection-officielle","tag-semaine-de-la-critique","tag-the-square","tag-un-certain-regard","pmpro-has-access"],"acf":[],"publishpress_future_action":{"enabled":false,"date":"2026-05-08 15:00:07","action":"change-status","newStatus":"draft","terms":[],"taxonomy":"category","extraData":[]},"publishpress_future_workflow_manual_trigger":{"enabledWorkflows":[]},"_links":{"self":[{"href":"https:\/\/www.az-za.be\/fr\/wp-json\/wp\/v2\/posts\/1739","targetHints":{"allow":["GET"]}}],"collection":[{"href":"https:\/\/www.az-za.be\/fr\/wp-json\/wp\/v2\/posts"}],"about":[{"href":"https:\/\/www.az-za.be\/fr\/wp-json\/wp\/v2\/types\/post"}],"author":[{"embeddable":true,"href":"https:\/\/www.az-za.be\/fr\/wp-json\/wp\/v2\/users\/128"}],"replies":[{"embeddable":true,"href":"https:\/\/www.az-za.be\/fr\/wp-json\/wp\/v2\/comments?post=1739"}],"version-history":[{"count":0,"href":"https:\/\/www.az-za.be\/fr\/wp-json\/wp\/v2\/posts\/1739\/revisions"}],"wp:featuredmedia":[{"embeddable":true,"href":"https:\/\/www.az-za.be\/fr\/wp-json\/wp\/v2\/media\/1742"}],"wp:attachment":[{"href":"https:\/\/www.az-za.be\/fr\/wp-json\/wp\/v2\/media?parent=1739"}],"wp:term":[{"taxonomy":"category","embeddable":true,"href":"https:\/\/www.az-za.be\/fr\/wp-json\/wp\/v2\/categories?post=1739"},{"taxonomy":"post_tag","embeddable":true,"href":"https:\/\/www.az-za.be\/fr\/wp-json\/wp\/v2\/tags?post=1739"}],"curies":[{"name":"wp","href":"https:\/\/api.w.org\/{rel}","templated":true}]}}