{"id":1747,"date":"2017-06-16T18:00:31","date_gmt":"2017-06-16T17:00:31","guid":{"rendered":"http:\/\/www.az-za.be\/?p=1747"},"modified":"2017-06-06T11:25:03","modified_gmt":"2017-06-06T10:25:03","slug":"portrait-de-la-maison-des-cultures-de-molenbeek-un-lieu-multiculturel","status":"publish","type":"post","link":"https:\/\/www.az-za.be\/fr\/portrait-de-la-maison-des-cultures-de-molenbeek-un-lieu-multiculturel\/","title":{"rendered":"Portrait de la Maison des Cultures de Molenbeek, un lieu multiculturel"},"content":{"rendered":"<p>Situ\u00e9e au c\u0153ur de Molenbeek, la Maison des Cultures et de la Coh\u00e9sion sociale propose ateliers, animations et spectacles aux habitants. Depuis son installation dans le quartier, il y a plus de dix ans, ce centre culturel a construit des liens forts avec son public qu&#8217;il a accompagn\u00e9 de la plus petite enfance jusqu&#8217;\u00e0 l&#8217;\u00e2ge adulte. Sa dynamique et sa diversit\u00e9 en ont fait un lieu incontournable de la commune et de Bruxelles. Loin des st\u00e9r\u00e9otypes c\u2019est un espace de rencontre et de dialogue, d\u00e9montrant que la cr\u00e9ation et l\u2019apprentissage sont le meilleur ciment d\u2019une soci\u00e9t\u00e9 multiculturelle et harmonieuse.<\/p>\n","protected":false},"excerpt":{"rendered":"<p>La cr\u00e9ation et l\u2019apprentissage sont le meilleur ciment d\u2019une soci\u00e9t\u00e9 multiculturelle et harmonieuse<\/p>\n","protected":false},"author":128,"featured_media":1757,"comment_status":"closed","ping_status":"closed","sticky":true,"template":"","format":"standard","meta":{"_acf_changed":false,"pmpro_default_level":"","wds_primary_category":0,"footnotes":""},"categories":[20,106,5,1,101,4,981,139,208,656,189,6],"tags":[179,1089,380,409,38,432,1092,979,1093,55],"class_list":["post-1747","post","type-post","status-publish","format-standard","has-post-thumbnail","hentry","category-actu","category-arts-plastiques","category-cinema","category-divers","category-evenements","category-expo","category-histoire","category-literature","category-musiques","category-patrimoine","category-photographie","category-theatre","tag-animation","tag-atelier","tag-bruxelles","tag-cafe-theatre","tag-cinema-2","tag-exposition","tag-maison-des-cultures-et-de-la-cohesion-sociale","tag-molenbeek","tag-quartier","tag-theatre-2","pmpro-has-access"],"acf":[],"publishpress_future_action":{"enabled":false,"date":"2026-05-09 09:09:06","action":"change-status","newStatus":"draft","terms":[],"taxonomy":"category","extraData":[]},"publishpress_future_workflow_manual_trigger":{"enabledWorkflows":[]},"_links":{"self":[{"href":"https:\/\/www.az-za.be\/fr\/wp-json\/wp\/v2\/posts\/1747","targetHints":{"allow":["GET"]}}],"collection":[{"href":"https:\/\/www.az-za.be\/fr\/wp-json\/wp\/v2\/posts"}],"about":[{"href":"https:\/\/www.az-za.be\/fr\/wp-json\/wp\/v2\/types\/post"}],"author":[{"embeddable":true,"href":"https:\/\/www.az-za.be\/fr\/wp-json\/wp\/v2\/users\/128"}],"replies":[{"embeddable":true,"href":"https:\/\/www.az-za.be\/fr\/wp-json\/wp\/v2\/comments?post=1747"}],"version-history":[{"count":0,"href":"https:\/\/www.az-za.be\/fr\/wp-json\/wp\/v2\/posts\/1747\/revisions"}],"wp:featuredmedia":[{"embeddable":true,"href":"https:\/\/www.az-za.be\/fr\/wp-json\/wp\/v2\/media\/1757"}],"wp:attachment":[{"href":"https:\/\/www.az-za.be\/fr\/wp-json\/wp\/v2\/media?parent=1747"}],"wp:term":[{"taxonomy":"category","embeddable":true,"href":"https:\/\/www.az-za.be\/fr\/wp-json\/wp\/v2\/categories?post=1747"},{"taxonomy":"post_tag","embeddable":true,"href":"https:\/\/www.az-za.be\/fr\/wp-json\/wp\/v2\/tags?post=1747"}],"curies":[{"name":"wp","href":"https:\/\/api.w.org\/{rel}","templated":true}]}}