{"id":369,"date":"2018-07-27T18:01:02","date_gmt":"2018-07-27T17:01:02","guid":{"rendered":"http:\/\/www.az-za.be\/fr\/?p=369"},"modified":"2018-07-20T16:32:44","modified_gmt":"2018-07-20T15:32:44","slug":"le-roman-graphique-en-bd","status":"publish","type":"post","link":"https:\/\/www.az-za.be\/fr\/le-roman-graphique-en-bd\/","title":{"rendered":"Le roman graphique en BD"},"content":{"rendered":"<div>Le ph\u00e9nom\u00e8ne n&#8217;est certes pas r\u00e9cent, les auteurs \u00e0 lui avoir donn\u00e9 ses premi\u00e8res lettres de noblesse sont \u00e0 chercher du c\u00f4t\u00e9 de Will Eisner, Hugo Pratt ou Com\u00e8s, mais son statut a \u00e9volu\u00e9 au cours des dix derni\u00e8res ann\u00e9es. Il permet \u00e0 la BD de redorer son blason, \u00e0 certains \u00e9diteurs d&#8217;acqu\u00e9rir une forme de cr\u00e9dibilit\u00e9 et aux auteurs de se consacrer plus librement \u00e0 des r\u00e9cits biographiques ou documentaires.<\/div>\n","protected":false},"excerpt":{"rendered":"<p>Le roman graphique occupe aujourd&#8217;hui une place de choix dans le march\u00e9 de la bande dessin\u00e9e.<\/p>\n","protected":false},"author":1,"featured_media":377,"comment_status":"closed","ping_status":"closed","sticky":true,"template":"","format":"standard","meta":{"_acf_changed":false,"pmpro_default_level":"","wds_primary_category":0,"footnotes":""},"categories":[123,21],"tags":[169,124,177,176],"class_list":["post-369","post","type-post","status-publish","format-standard","has-post-thumbnail","hentry","category-bd","category-dossiers","tag-david-vandermeulen","tag-dessinateur","tag-driss","tag-etienne-schreider","pmpro-has-access"],"acf":[],"publishpress_future_action":{"enabled":false,"date":"2026-05-09 00:08:48","action":"change-status","newStatus":"draft","terms":[],"taxonomy":"category","extraData":[]},"publishpress_future_workflow_manual_trigger":{"enabledWorkflows":[]},"_links":{"self":[{"href":"https:\/\/www.az-za.be\/fr\/wp-json\/wp\/v2\/posts\/369","targetHints":{"allow":["GET"]}}],"collection":[{"href":"https:\/\/www.az-za.be\/fr\/wp-json\/wp\/v2\/posts"}],"about":[{"href":"https:\/\/www.az-za.be\/fr\/wp-json\/wp\/v2\/types\/post"}],"author":[{"embeddable":true,"href":"https:\/\/www.az-za.be\/fr\/wp-json\/wp\/v2\/users\/1"}],"replies":[{"embeddable":true,"href":"https:\/\/www.az-za.be\/fr\/wp-json\/wp\/v2\/comments?post=369"}],"version-history":[{"count":0,"href":"https:\/\/www.az-za.be\/fr\/wp-json\/wp\/v2\/posts\/369\/revisions"}],"wp:featuredmedia":[{"embeddable":true,"href":"https:\/\/www.az-za.be\/fr\/wp-json\/wp\/v2\/media\/377"}],"wp:attachment":[{"href":"https:\/\/www.az-za.be\/fr\/wp-json\/wp\/v2\/media?parent=369"}],"wp:term":[{"taxonomy":"category","embeddable":true,"href":"https:\/\/www.az-za.be\/fr\/wp-json\/wp\/v2\/categories?post=369"},{"taxonomy":"post_tag","embeddable":true,"href":"https:\/\/www.az-za.be\/fr\/wp-json\/wp\/v2\/tags?post=369"}],"curies":[{"name":"wp","href":"https:\/\/api.w.org\/{rel}","templated":true}]}}