{"id":593,"date":"2015-04-16T08:00:00","date_gmt":"2015-04-16T06:00:00","guid":{"rendered":"http:\/\/www.az-za.be\/fr\/?p=593"},"modified":"2015-04-16T09:22:38","modified_gmt":"2015-04-16T07:22:38","slug":"culture-et-belgitude","status":"publish","type":"post","link":"https:\/\/www.az-za.be\/fr\/culture-et-belgitude\/","title":{"rendered":"Culture et &#8230; belgitude"},"content":{"rendered":"<p>Y a-t-il une sp\u00e9cificit\u00e9 de l&#8217;art belge? Les artistes de notre pays\u00a0\u2013\u00a0qu&#8217;ils s&#8217;expriment par la musique, le cin\u00e9ma, le th\u00e9\u00e2tre ou la BD\u00a0\u2013\u00a0insufflent-ils dans leurs cr\u00e9ations un ton ou une couleur que l&#8217;on ne retrouverait nulle part ailleurs? Qui serait comme une marque de fabrique. La preuve d&#8217;une identit\u00e9. Bref, la belgitude passe-t-elle aussi par l&#8217;art? Et, si pour r\u00e9pondre \u00e0 cette question, il fallait d&#8217;abord en r\u00e9soudre une autre: c&#8217;est quoi, cette belgitude? Nous l&#8217;avons pos\u00e9e \u00e0 quelques cr\u00e9ateurs belges, du nord et du sud, mais aussi \u00e0 un fran\u00e7ais&#8230; tant il est vrai qu&#8217;on a parfois du mal \u00e0 se d\u00e9finir soi-m\u00eame.<\/p>\n","protected":false},"excerpt":{"rendered":"<p>Y a-t-il une sp\u00e9cificit\u00e9 de l&#8217;art belge?<\/p>\n","protected":false},"author":114,"featured_media":607,"comment_status":"closed","ping_status":"closed","sticky":true,"template":"","format":"standard","meta":{"_acf_changed":false,"pmpro_default_level":"","wds_primary_category":0,"footnotes":""},"categories":[20,21],"tags":[137,151,31,289,132,355,357,267],"class_list":["post-593","post","type-post","status-publish","format-standard","has-post-thumbnail","hentry","category-actu","category-dossiers","tag-azza","tag-belge","tag-culture","tag-genevieve-damas","tag-jan-fabre","tag-laurent-busine","tag-pascal-legitimus","tag-philippe-reynaert","pmpro-has-access"],"acf":[],"publishpress_future_action":{"enabled":false,"date":"2026-05-10 12:51:26","action":"change-status","newStatus":"draft","terms":[],"taxonomy":"category","extraData":[]},"publishpress_future_workflow_manual_trigger":{"enabledWorkflows":[]},"_links":{"self":[{"href":"https:\/\/www.az-za.be\/fr\/wp-json\/wp\/v2\/posts\/593","targetHints":{"allow":["GET"]}}],"collection":[{"href":"https:\/\/www.az-za.be\/fr\/wp-json\/wp\/v2\/posts"}],"about":[{"href":"https:\/\/www.az-za.be\/fr\/wp-json\/wp\/v2\/types\/post"}],"author":[{"embeddable":true,"href":"https:\/\/www.az-za.be\/fr\/wp-json\/wp\/v2\/users\/114"}],"replies":[{"embeddable":true,"href":"https:\/\/www.az-za.be\/fr\/wp-json\/wp\/v2\/comments?post=593"}],"version-history":[{"count":0,"href":"https:\/\/www.az-za.be\/fr\/wp-json\/wp\/v2\/posts\/593\/revisions"}],"wp:featuredmedia":[{"embeddable":true,"href":"https:\/\/www.az-za.be\/fr\/wp-json\/wp\/v2\/media\/607"}],"wp:attachment":[{"href":"https:\/\/www.az-za.be\/fr\/wp-json\/wp\/v2\/media?parent=593"}],"wp:term":[{"taxonomy":"category","embeddable":true,"href":"https:\/\/www.az-za.be\/fr\/wp-json\/wp\/v2\/categories?post=593"},{"taxonomy":"post_tag","embeddable":true,"href":"https:\/\/www.az-za.be\/fr\/wp-json\/wp\/v2\/tags?post=593"}],"curies":[{"name":"wp","href":"https:\/\/api.w.org\/{rel}","templated":true}]}}