{"id":692,"date":"2015-07-24T08:00:01","date_gmt":"2015-07-24T06:00:01","guid":{"rendered":"http:\/\/www.az-za.be\/fr\/?p=692"},"modified":"2015-08-11T17:42:05","modified_gmt":"2015-08-11T15:42:05","slug":"vincent-meessen-belge-a-la-biennale-de-venise","status":"publish","type":"post","link":"https:\/\/www.az-za.be\/fr\/vincent-meessen-belge-a-la-biennale-de-venise\/","title":{"rendered":"Vincent Meessen nous ouvre les portes du pavillon belge \u00e0 la Biennale de Venise"},"content":{"rendered":"<p>La Biennale d\u2019Art de Venise a ouvert ses portes le 9 mai. Voici les premi\u00e8res images du pavillon belge ou l\u2019artiste Vincent Meessen explore par son travail l\u2019histoire de nos liens avec le colonialisme. Par del\u00e0 cette p\u00e9riode de l\u2019histoire, c\u2019est l\u2019interaction avec le capitalisme qui traverse les \u0153uvres propos\u00e9es. Le pavillon r\u00e9v\u00e8le les cons\u00e9quences du pass\u00e9 commun entre l\u2019Europe et l\u2019Afrique<\/p>\n","protected":false},"excerpt":{"rendered":"<p>Le pavillon belge explore nos liens avec le colonialisme<\/p>\n","protected":false},"author":1,"featured_media":696,"comment_status":"closed","ping_status":"closed","sticky":true,"template":"","format":"standard","meta":{"_acf_changed":false,"pmpro_default_level":"","wds_primary_category":0,"footnotes":""},"categories":[20,106,4],"tags":[406,407],"class_list":["post-692","post","type-post","status-publish","format-standard","has-post-thumbnail","hentry","category-actu","category-arts-plastiques","category-expo","tag-biennale-dart","tag-vincent-meessen","pmpro-has-access"],"acf":[],"publishpress_future_action":{"enabled":false,"date":"2026-05-09 13:37:30","action":"change-status","newStatus":"draft","terms":[],"taxonomy":"category","extraData":[]},"publishpress_future_workflow_manual_trigger":{"enabledWorkflows":[]},"_links":{"self":[{"href":"https:\/\/www.az-za.be\/fr\/wp-json\/wp\/v2\/posts\/692","targetHints":{"allow":["GET"]}}],"collection":[{"href":"https:\/\/www.az-za.be\/fr\/wp-json\/wp\/v2\/posts"}],"about":[{"href":"https:\/\/www.az-za.be\/fr\/wp-json\/wp\/v2\/types\/post"}],"author":[{"embeddable":true,"href":"https:\/\/www.az-za.be\/fr\/wp-json\/wp\/v2\/users\/1"}],"replies":[{"embeddable":true,"href":"https:\/\/www.az-za.be\/fr\/wp-json\/wp\/v2\/comments?post=692"}],"version-history":[{"count":0,"href":"https:\/\/www.az-za.be\/fr\/wp-json\/wp\/v2\/posts\/692\/revisions"}],"wp:featuredmedia":[{"embeddable":true,"href":"https:\/\/www.az-za.be\/fr\/wp-json\/wp\/v2\/media\/696"}],"wp:attachment":[{"href":"https:\/\/www.az-za.be\/fr\/wp-json\/wp\/v2\/media?parent=692"}],"wp:term":[{"taxonomy":"category","embeddable":true,"href":"https:\/\/www.az-za.be\/fr\/wp-json\/wp\/v2\/categories?post=692"},{"taxonomy":"post_tag","embeddable":true,"href":"https:\/\/www.az-za.be\/fr\/wp-json\/wp\/v2\/tags?post=692"}],"curies":[{"name":"wp","href":"https:\/\/api.w.org\/{rel}","templated":true}]}}