{"id":719,"date":"2015-05-15T12:00:54","date_gmt":"2015-05-15T10:00:54","guid":{"rendered":"http:\/\/www.az-za.be\/fr\/?p=719"},"modified":"2015-08-11T18:42:25","modified_gmt":"2015-08-11T16:42:25","slug":"la-rentree-au-tnb-et-au-kvs","status":"publish","type":"post","link":"https:\/\/www.az-za.be\/fr\/la-rentree-au-tnb-et-au-kvs\/","title":{"rendered":"Le Th\u00e9\u00e2tre National et le KVS pr\u00e9sentent leur saison 2015-2016"},"content":{"rendered":"<p>Apr\u00e8s &#8220;Toern\u00e9e G\u00e9n\u00e9rale&#8221;, le Th\u00e9\u00e2tre National et le KVS s&#8217;associent pour une saison enti\u00e8re intitul\u00e9e &#8220;Toern\u00e9e Capitale&#8221; ! La saison prochaine, ce ne sont pas moins de 70 spectacles qui seront pr\u00e9sent\u00e9s par les deux institutions avec un abonnement commun. L&#8217;occasion pour de jeunes artistes associ\u00e9s de pr\u00e9senter leur travail mais aussi pour le public de traverser la fronti\u00e8re linguistique gr\u00e2ce \u00e0 un programme culturel riche et diversifi\u00e9.<\/p>\n","protected":false},"excerpt":{"rendered":"<p>Apr\u00e8s &#8220;Tourn\u00e9e G\u00e9n\u00e9rale&#8221;, le Th\u00e9\u00e2tre National et le KVS s&#8217;associent pour une saison enti\u00e8re intitul\u00e9e &#8220;Tourn\u00e9e Capitale&#8221; !<\/p>\n","protected":false},"author":1,"featured_media":720,"comment_status":"closed","ping_status":"closed","sticky":true,"template":"","format":"standard","meta":{"_acf_changed":false,"pmpro_default_level":"","wds_primary_category":0,"footnotes":""},"categories":[20,6],"tags":[502,428,427,130,501],"class_list":["post-719","post","type-post","status-publish","format-standard","has-post-thumbnail","hentry","category-actu","category-theatre","tag-abonnement","tag-directeur","tag-jan-goossens","tag-jean-louis-colinet","tag-saison","pmpro-has-access"],"acf":[],"publishpress_future_action":{"enabled":false,"date":"2026-05-08 05:31:04","action":"change-status","newStatus":"draft","terms":[],"taxonomy":"category","extraData":[]},"publishpress_future_workflow_manual_trigger":{"enabledWorkflows":[]},"_links":{"self":[{"href":"https:\/\/www.az-za.be\/fr\/wp-json\/wp\/v2\/posts\/719","targetHints":{"allow":["GET"]}}],"collection":[{"href":"https:\/\/www.az-za.be\/fr\/wp-json\/wp\/v2\/posts"}],"about":[{"href":"https:\/\/www.az-za.be\/fr\/wp-json\/wp\/v2\/types\/post"}],"author":[{"embeddable":true,"href":"https:\/\/www.az-za.be\/fr\/wp-json\/wp\/v2\/users\/1"}],"replies":[{"embeddable":true,"href":"https:\/\/www.az-za.be\/fr\/wp-json\/wp\/v2\/comments?post=719"}],"version-history":[{"count":0,"href":"https:\/\/www.az-za.be\/fr\/wp-json\/wp\/v2\/posts\/719\/revisions"}],"wp:featuredmedia":[{"embeddable":true,"href":"https:\/\/www.az-za.be\/fr\/wp-json\/wp\/v2\/media\/720"}],"wp:attachment":[{"href":"https:\/\/www.az-za.be\/fr\/wp-json\/wp\/v2\/media?parent=719"}],"wp:term":[{"taxonomy":"category","embeddable":true,"href":"https:\/\/www.az-za.be\/fr\/wp-json\/wp\/v2\/categories?post=719"},{"taxonomy":"post_tag","embeddable":true,"href":"https:\/\/www.az-za.be\/fr\/wp-json\/wp\/v2\/tags?post=719"}],"curies":[{"name":"wp","href":"https:\/\/api.w.org\/{rel}","templated":true}]}}