{"id":751,"date":"2015-08-07T08:00:43","date_gmt":"2015-07-06T12:08:32","guid":{"rendered":"http:\/\/www.az-za.be\/fr\/?p=751"},"modified":"2015-08-07T13:05:43","modified_gmt":"2015-08-07T11:05:43","slug":"jeremie-renier-sans-etiquette","status":"publish","type":"post","link":"https:\/\/www.az-za.be\/fr\/jeremie-renier-sans-etiquette\/","title":{"rendered":"J\u00e9r\u00e9mie Renier, sans \u00e9tiquette&#8230;"},"content":{"rendered":"<p>Entre &#8220;La Promesse&#8221; et &#8220;Ni le ciel ni la terre&#8221;, 20 ans ont pass\u00e9 et on a vu J\u00e9r\u00e9mie Renier grandir de film en film. L&#8217;acteur s&#8217;est \u00e9toff\u00e9, a pris des risques, s&#8217;est essay\u00e9 \u00e0 des genres tr\u00e8s diff\u00e9rents de sorte qu&#8217;aujourd&#8217;hui, s&#8217;il est un artiste reconnu, il n&#8217;en est pas moins inclassable. Il \u00e9tait \u00e0 Cannes cette ann\u00e9e pour pr\u00e9senter le premier film de Cl\u00e9ment Cogitore \u00e0 la Semaine de la Critique: &#8220;Ni le ciel ni la terre&#8221;.<\/p>\n","protected":false},"excerpt":{"rendered":"<p>Entre &#8220;La Promesse&#8221; et &#8220;Ni le ciel ni la terre&#8221;, 20 ans ont pass\u00e9 et on a vu l&#8217;acteur grandir de film en film.<\/p>\n","protected":false},"author":1,"featured_media":752,"comment_status":"closed","ping_status":"closed","sticky":true,"template":"","format":"standard","meta":{"_acf_changed":false,"pmpro_default_level":"","wds_primary_category":0,"footnotes":""},"categories":[20,5],"tags":[223,178,524],"class_list":["post-751","post","type-post","status-publish","format-standard","has-post-thumbnail","hentry","category-actu","category-cinema","tag-cannes","tag-festival","tag-jeremie-renier","pmpro-has-access"],"acf":[],"publishpress_future_action":{"enabled":false,"date":"2026-05-06 08:31:04","action":"change-status","newStatus":"draft","terms":[],"taxonomy":"category","extraData":[]},"publishpress_future_workflow_manual_trigger":{"enabledWorkflows":[]},"_links":{"self":[{"href":"https:\/\/www.az-za.be\/fr\/wp-json\/wp\/v2\/posts\/751","targetHints":{"allow":["GET"]}}],"collection":[{"href":"https:\/\/www.az-za.be\/fr\/wp-json\/wp\/v2\/posts"}],"about":[{"href":"https:\/\/www.az-za.be\/fr\/wp-json\/wp\/v2\/types\/post"}],"author":[{"embeddable":true,"href":"https:\/\/www.az-za.be\/fr\/wp-json\/wp\/v2\/users\/1"}],"replies":[{"embeddable":true,"href":"https:\/\/www.az-za.be\/fr\/wp-json\/wp\/v2\/comments?post=751"}],"version-history":[{"count":0,"href":"https:\/\/www.az-za.be\/fr\/wp-json\/wp\/v2\/posts\/751\/revisions"}],"wp:featuredmedia":[{"embeddable":true,"href":"https:\/\/www.az-za.be\/fr\/wp-json\/wp\/v2\/media\/752"}],"wp:attachment":[{"href":"https:\/\/www.az-za.be\/fr\/wp-json\/wp\/v2\/media?parent=751"}],"wp:term":[{"taxonomy":"category","embeddable":true,"href":"https:\/\/www.az-za.be\/fr\/wp-json\/wp\/v2\/categories?post=751"},{"taxonomy":"post_tag","embeddable":true,"href":"https:\/\/www.az-za.be\/fr\/wp-json\/wp\/v2\/tags?post=751"}],"curies":[{"name":"wp","href":"https:\/\/api.w.org\/{rel}","templated":true}]}}