{"id":867,"date":"2015-06-22T08:01:51","date_gmt":"2015-06-22T06:01:51","guid":{"rendered":"http:\/\/www.az-za.be\/?p=867"},"modified":"2015-08-11T17:56:01","modified_gmt":"2015-08-11T15:56:01","slug":"in-out-expo-mons-2015-au-musee-de-la-photo","status":"publish","type":"post","link":"https:\/\/www.az-za.be\/fr\/in-out-expo-mons-2015-au-musee-de-la-photo\/","title":{"rendered":"\u00abIn\/Out\u00bb expo Mons 2015 au Mus\u00e9e de la Photo"},"content":{"rendered":"<p>Une ville qui se transforme c\u2019est de la m\u00e9moire \u00e0 conserver. Mons capitale de la culture a vu son paysage se transformer et ses b\u00e2timents se m\u00e9tamorphoser. Il fallait bien s\u00fbr en garder des traces. Trois photographes et un vid\u00e9aste ont suivi cette mutation depuis 2012 jusque janvier 2015. In\/Out est une exposition t\u00e9moignage de ce qui s\u2019est construit, mais aussi sur ceux qui ont fa\u00e7onn\u00e9 ce changement.<\/p>\n","protected":false},"excerpt":{"rendered":"<p>Une ville qui se transforme c\u2019est de la m\u00e9moire \u00e0 conserver.<\/p>\n","protected":false},"author":1,"featured_media":868,"comment_status":"closed","ping_status":"closed","sticky":true,"template":"","format":"standard","meta":{"_acf_changed":false,"pmpro_default_level":"","wds_primary_category":0,"footnotes":""},"categories":[20,4,189],"tags":[584,589,590,591],"class_list":["post-867","post","type-post","status-publish","format-standard","has-post-thumbnail","hentry","category-actu","category-expo","category-photographie","tag-photographe","tag-pierre-liebaert","tag-rino-noviello","tag-videaste","pmpro-has-access"],"acf":[],"publishpress_future_action":{"enabled":false,"date":"2026-05-10 09:41:27","action":"change-status","newStatus":"draft","terms":[],"taxonomy":"category","extraData":[]},"publishpress_future_workflow_manual_trigger":{"enabledWorkflows":[]},"_links":{"self":[{"href":"https:\/\/www.az-za.be\/fr\/wp-json\/wp\/v2\/posts\/867","targetHints":{"allow":["GET"]}}],"collection":[{"href":"https:\/\/www.az-za.be\/fr\/wp-json\/wp\/v2\/posts"}],"about":[{"href":"https:\/\/www.az-za.be\/fr\/wp-json\/wp\/v2\/types\/post"}],"author":[{"embeddable":true,"href":"https:\/\/www.az-za.be\/fr\/wp-json\/wp\/v2\/users\/1"}],"replies":[{"embeddable":true,"href":"https:\/\/www.az-za.be\/fr\/wp-json\/wp\/v2\/comments?post=867"}],"version-history":[{"count":0,"href":"https:\/\/www.az-za.be\/fr\/wp-json\/wp\/v2\/posts\/867\/revisions"}],"wp:featuredmedia":[{"embeddable":true,"href":"https:\/\/www.az-za.be\/fr\/wp-json\/wp\/v2\/media\/868"}],"wp:attachment":[{"href":"https:\/\/www.az-za.be\/fr\/wp-json\/wp\/v2\/media?parent=867"}],"wp:term":[{"taxonomy":"category","embeddable":true,"href":"https:\/\/www.az-za.be\/fr\/wp-json\/wp\/v2\/categories?post=867"},{"taxonomy":"post_tag","embeddable":true,"href":"https:\/\/www.az-za.be\/fr\/wp-json\/wp\/v2\/tags?post=867"}],"curies":[{"name":"wp","href":"https:\/\/api.w.org\/{rel}","templated":true}]}}