{"id":873,"date":"2018-03-09T18:00:03","date_gmt":"2018-03-09T17:00:03","guid":{"rendered":"http:\/\/www.az-za.be\/?p=873"},"modified":"2018-01-30T12:27:11","modified_gmt":"2018-01-30T11:27:11","slug":"le-vrai-et-le-faux-au-musee-de-la-photographie-de-charleroi","status":"publish","type":"post","link":"https:\/\/www.az-za.be\/fr\/le-vrai-et-le-faux-au-musee-de-la-photographie-de-charleroi\/","title":{"rendered":"&#8220;Le vrai et le faux&#8221; au Mus\u00e9e de la photographie de Charleroi"},"content":{"rendered":"<p>Depuis sa cr\u00e9ation la photo a suscit\u00e9 des questions sur la v\u00e9racit\u00e9 de son t\u00e9moignage. Aujourd\u2019hui l\u2019\u00e9volution des techniques et la manipulation constante des images devraient amplifier la m\u00e9fiance du spectateur. Pourtant nous restons \u00e9tonnamment cr\u00e9dules devant les photos qui attestent de tel ou tel fait. Un petit rappel pour aiguiser notre esprit critique au Mus\u00e9e de la Photographie de Charleroi.<\/p>\n","protected":false},"excerpt":{"rendered":"<p>Depuis sa cr\u00e9ation la photo a suscit\u00e9 des questions sur la v\u00e9racit\u00e9 de son t\u00e9moignage<\/p>\n","protected":false},"author":1,"featured_media":877,"comment_status":"closed","ping_status":"closed","sticky":true,"template":"","format":"standard","meta":{"_acf_changed":false,"pmpro_default_level":"","wds_primary_category":0,"footnotes":""},"categories":[4,189],"tags":[594,554,595],"class_list":["post-873","post","type-post","status-publish","format-standard","has-post-thumbnail","hentry","category-expo","category-photographie","tag-image","tag-musee","tag-realite","pmpro-has-access"],"acf":[],"publishpress_future_action":{"enabled":false,"date":"2026-05-07 03:55:59","action":"change-status","newStatus":"draft","terms":[],"taxonomy":"category","extraData":[]},"publishpress_future_workflow_manual_trigger":{"enabledWorkflows":[]},"_links":{"self":[{"href":"https:\/\/www.az-za.be\/fr\/wp-json\/wp\/v2\/posts\/873","targetHints":{"allow":["GET"]}}],"collection":[{"href":"https:\/\/www.az-za.be\/fr\/wp-json\/wp\/v2\/posts"}],"about":[{"href":"https:\/\/www.az-za.be\/fr\/wp-json\/wp\/v2\/types\/post"}],"author":[{"embeddable":true,"href":"https:\/\/www.az-za.be\/fr\/wp-json\/wp\/v2\/users\/1"}],"replies":[{"embeddable":true,"href":"https:\/\/www.az-za.be\/fr\/wp-json\/wp\/v2\/comments?post=873"}],"version-history":[{"count":0,"href":"https:\/\/www.az-za.be\/fr\/wp-json\/wp\/v2\/posts\/873\/revisions"}],"wp:featuredmedia":[{"embeddable":true,"href":"https:\/\/www.az-za.be\/fr\/wp-json\/wp\/v2\/media\/877"}],"wp:attachment":[{"href":"https:\/\/www.az-za.be\/fr\/wp-json\/wp\/v2\/media?parent=873"}],"wp:term":[{"taxonomy":"category","embeddable":true,"href":"https:\/\/www.az-za.be\/fr\/wp-json\/wp\/v2\/categories?post=873"},{"taxonomy":"post_tag","embeddable":true,"href":"https:\/\/www.az-za.be\/fr\/wp-json\/wp\/v2\/tags?post=873"}],"curies":[{"name":"wp","href":"https:\/\/api.w.org\/{rel}","templated":true}]}}